{"id":1,"date":"2024-02-25T19:13:35","date_gmt":"2024-02-25T18:13:35","guid":{"rendered":"https:\/\/www.gsict.com\/?p=1"},"modified":"2024-03-09T18:16:34","modified_gmt":"2024-03-09T17:16:34","slug":"vita-residua-e-verifiche-periodiche","status":"publish","type":"post","link":"https:\/\/www.gsict.com\/index.php\/2024\/02\/25\/vita-residua-e-verifiche-periodiche\/","title":{"rendered":"Vita residua e verifiche periodiche!"},"content":{"rendered":"\n<p>Circolare del Ministro del Lavoro e delle Politiche sociali n. 18 del 23 maggio 2013<\/p>\n\n\n\n<p> \u201cAccordo 22 febbraio 2012 \u2013 Accordo ai sensi dell\u00b4art. 4 del D.Lgs. 28 agosto 1997, n. 281, tra il Governo, le Regioni e le Province autonome di Trento e Bolzano concernente l\u00b4individuazione delle attrezzature di lavoro per le quali \u00e8 richiesta una specifica abilitazione degli operatori, nonch\u00e9 le modalit\u00e0 per il riconoscimento di tale abilitazione, i soggetti formatori, la durata, gli indirizzi ed i requisiti minimi di validit\u00e0 della formazione, in attuazione all\u00b4art. 73, comma 5 del D.Lgs. 81\/08 e s.m.i. \u2013 Chiarimenti\u201d<\/p>\n\n\n\n<p>La verifica supplementare ventennale \u00e8 obbligatoria per tutte le macchine di sollevamento trasferibili che hanno superato i 20 anni di vita ed \u00e8 finalizzata al calcolo del ciclo di vita residuo oltre a verificare l\u2019integrit\u00e0 strutturale attraverso il controllo puntuale della continuit\u00e0 delle saldature di connessione.<br>L\u2019indagine supplementare ventennale conosciuta anche come verifica strutturale \u00e8 resa obbligatoria dal D. M. 11\/04\/2011 che impone per tutte le attrezzature di lavoro trasferibili, adibite al sollevamento cose, quali gru edili, autogru, gru su autocarro etc., e persone, quali ponti mobili sviluppabili, piattaforme elevabili su colonne, montacarichi da cantiere etc, una verifica supplementare di approfondimento dello stato di conservazione. L\u2019obbligo \u00e8 sancito per tutte le macchine in esercizio da oltre 20 anni, limite temporale per il quale si rende necessaria la definizione del ciclo di vita residuo ovvero il tempo ulteriore che l\u2019attrezzatura pu\u00f2 rimanere in esercizio ed essere utilizzata in sicurezza. Questa indagine, condotta da un tecnico esperto abilitato ai sensi della norma UNI ISO 9712 o UNI ISO 9927, \u00e8 propedeutica alla verifica periodica, la quale non pu\u00f2 essere effettuata senza aver eseguito preliminarmente tale indagine.<\/p>\n","protected":false},"excerpt":{"rendered":"<p>Circolare del Ministro del Lavoro e delle Politiche sociali n. 18 del 23 maggio 2013 \u201cAccordo 22 febbraio 2012 \u2013 Accordo ai sensi dell\u00b4art. 4 del D.Lgs. 28 agosto 1997, n. 281, tra il Governo, le Regioni e le Province autonome di Trento e Bolzano concernente l\u00b4individuazione delle attrezzature di lavoro per le quali \u00e8 [&hellip;]<\/p>\n","protected":false},"author":1,"featured_media":23,"comment_status":"open","ping_status":"open","sticky":false,"template":"","format":"standard","meta":[],"categories":[9],"tags":[],"yoast_head":"<!-- This site is optimized with the Yoast SEO plugin v18.4.1 - https:\/\/yoast.com\/wordpress\/plugins\/seo\/ -->\r\n<title>Vita residua e verifiche periodiche! - Sicurezza nei Luoghi di Lavoro<\/title>\r\n<meta name=\"robots\" content=\"index, follow, max-snippet:-1, max-image-preview:large, max-video-preview:-1\" \/>\r\n<link rel=\"canonical\" href=\"https:\/\/www.gsict.com\/index.php\/2024\/02\/25\/vita-residua-e-verifiche-periodiche\/\" \/>\r\n<meta property=\"og:locale\" content=\"it_IT\" \/>\r\n<meta property=\"og:type\" content=\"article\" \/>\r\n<meta property=\"og:title\" content=\"Vita residua e verifiche periodiche! - Sicurezza nei Luoghi di Lavoro\" \/>\r\n<meta property=\"og:description\" content=\"Circolare del Ministro del Lavoro e delle Politiche sociali n. 18 del 23 maggio 2013 \u201cAccordo 22 febbraio 2012 \u2013 Accordo ai sensi dell\u00b4art. 4 del D.Lgs. 28 agosto 1997, n. 281, tra il Governo, le Regioni e le Province autonome di Trento e Bolzano concernente l\u00b4individuazione delle attrezzature di lavoro per le quali \u00e8 [&hellip;]\" \/>\r\n<meta property=\"og:url\" content=\"https:\/\/www.gsict.com\/index.php\/2024\/02\/25\/vita-residua-e-verifiche-periodiche\/\" \/>\r\n<meta property=\"og:site_name\" content=\"Sicurezza nei Luoghi di Lavoro\" \/>\r\n<meta property=\"article:published_time\" content=\"2024-02-25T18:13:35+00:00\" \/>\r\n<meta property=\"article:modified_time\" content=\"2024-03-09T17:16:34+00:00\" \/>\r\n<meta property=\"og:image\" content=\"https:\/\/www.gsict.com\/wp-content\/uploads\/2024\/02\/20140927_121337-scaled.jpg\" \/>\r\n\t<meta property=\"og:image:width\" content=\"1920\" \/>\r\n\t<meta property=\"og:image:height\" content=\"2560\" \/>\r\n\t<meta property=\"og:image:type\" content=\"image\/jpeg\" \/>\r\n<meta name=\"twitter:card\" content=\"summary_large_image\" \/>\r\n<meta name=\"twitter:label1\" content=\"Scritto da\" \/>\n\t<meta name=\"twitter:data1\" content=\"admin\" \/>\n\t<meta name=\"twitter:label2\" content=\"Tempo di lettura stimato\" \/>\n\t<meta name=\"twitter:data2\" content=\"1 minuto\" \/>\r\n<script type=\"application\/ld+json\" class=\"yoast-schema-graph\">{\"@context\":\"https:\/\/schema.org\",\"@graph\":[{\"@type\":\"Organization\",\"@id\":\"https:\/\/www.gsict.com\/#organization\",\"name\":\"Global System ict srl\",\"url\":\"https:\/\/www.gsict.com\/\",\"sameAs\":[],\"logo\":{\"@type\":\"ImageObject\",\"@id\":\"https:\/\/www.gsict.com\/#logo\",\"inLanguage\":\"it-IT\",\"url\":\"https:\/\/www.gsict.com\/wp-content\/uploads\/2024\/03\/Grafica3.1.bmp\",\"contentUrl\":\"https:\/\/www.gsict.com\/wp-content\/uploads\/2024\/03\/Grafica3.1.bmp\",\"width\":281,\"height\":133,\"caption\":\"Global System ict srl\"},\"image\":{\"@id\":\"https:\/\/www.gsict.com\/#logo\"}},{\"@type\":\"WebSite\",\"@id\":\"https:\/\/www.gsict.com\/#website\",\"url\":\"https:\/\/www.gsict.com\/\",\"name\":\"Sicurezza nei Luoghi di Lavoro\",\"description\":\"Formazione - Addestamento - Consulenza - servizi\",\"publisher\":{\"@id\":\"https:\/\/www.gsict.com\/#organization\"},\"potentialAction\":[{\"@type\":\"SearchAction\",\"target\":{\"@type\":\"EntryPoint\",\"urlTemplate\":\"https:\/\/www.gsict.com\/?s={search_term_string}\"},\"query-input\":\"required name=search_term_string\"}],\"inLanguage\":\"it-IT\"},{\"@type\":\"ImageObject\",\"@id\":\"https:\/\/www.gsict.com\/index.php\/2024\/02\/25\/vita-residua-e-verifiche-periodiche\/#primaryimage\",\"inLanguage\":\"it-IT\",\"url\":\"https:\/\/www.gsict.com\/wp-content\/uploads\/2024\/02\/20140927_121337-scaled.jpg\",\"contentUrl\":\"https:\/\/www.gsict.com\/wp-content\/uploads\/2024\/02\/20140927_121337-scaled.jpg\",\"width\":1920,\"height\":2560,\"caption\":\"Vita residua e verifiche periodiche\"},{\"@type\":\"WebPage\",\"@id\":\"https:\/\/www.gsict.com\/index.php\/2024\/02\/25\/vita-residua-e-verifiche-periodiche\/#webpage\",\"url\":\"https:\/\/www.gsict.com\/index.php\/2024\/02\/25\/vita-residua-e-verifiche-periodiche\/\",\"name\":\"Vita residua e verifiche periodiche! - Sicurezza nei Luoghi di Lavoro\",\"isPartOf\":{\"@id\":\"https:\/\/www.gsict.com\/#website\"},\"primaryImageOfPage\":{\"@id\":\"https:\/\/www.gsict.com\/index.php\/2024\/02\/25\/vita-residua-e-verifiche-periodiche\/#primaryimage\"},\"datePublished\":\"2024-02-25T18:13:35+00:00\",\"dateModified\":\"2024-03-09T17:16:34+00:00\",\"breadcrumb\":{\"@id\":\"https:\/\/www.gsict.com\/index.php\/2024\/02\/25\/vita-residua-e-verifiche-periodiche\/#breadcrumb\"},\"inLanguage\":\"it-IT\",\"potentialAction\":[{\"@type\":\"ReadAction\",\"target\":[\"https:\/\/www.gsict.com\/index.php\/2024\/02\/25\/vita-residua-e-verifiche-periodiche\/\"]}]},{\"@type\":\"BreadcrumbList\",\"@id\":\"https:\/\/www.gsict.com\/index.php\/2024\/02\/25\/vita-residua-e-verifiche-periodiche\/#breadcrumb\",\"itemListElement\":[{\"@type\":\"ListItem\",\"position\":1,\"name\":\"Home\",\"item\":\"https:\/\/www.gsict.com\/\"},{\"@type\":\"ListItem\",\"position\":2,\"name\":\"Vita residua e verifiche periodiche!\"}]},{\"@type\":\"Article\",\"@id\":\"https:\/\/www.gsict.com\/index.php\/2024\/02\/25\/vita-residua-e-verifiche-periodiche\/#article\",\"isPartOf\":{\"@id\":\"https:\/\/www.gsict.com\/index.php\/2024\/02\/25\/vita-residua-e-verifiche-periodiche\/#webpage\"},\"author\":{\"@id\":\"https:\/\/www.gsict.com\/#\/schema\/person\/a557fac2681ad8efeee5aa66195d4712\"},\"headline\":\"Vita residua e verifiche periodiche!\",\"datePublished\":\"2024-02-25T18:13:35+00:00\",\"dateModified\":\"2024-03-09T17:16:34+00:00\",\"mainEntityOfPage\":{\"@id\":\"https:\/\/www.gsict.com\/index.php\/2024\/02\/25\/vita-residua-e-verifiche-periodiche\/#webpage\"},\"wordCount\":282,\"commentCount\":0,\"publisher\":{\"@id\":\"https:\/\/www.gsict.com\/#organization\"},\"image\":{\"@id\":\"https:\/\/www.gsict.com\/index.php\/2024\/02\/25\/vita-residua-e-verifiche-periodiche\/#primaryimage\"},\"thumbnailUrl\":\"https:\/\/www.gsict.com\/wp-content\/uploads\/2024\/02\/20140927_121337-scaled.jpg\",\"articleSection\":[\"Attrezzature\"],\"inLanguage\":\"it-IT\",\"potentialAction\":[{\"@type\":\"CommentAction\",\"name\":\"Comment\",\"target\":[\"https:\/\/www.gsict.com\/index.php\/2024\/02\/25\/vita-residua-e-verifiche-periodiche\/#respond\"]}]},{\"@type\":\"Person\",\"@id\":\"https:\/\/www.gsict.com\/#\/schema\/person\/a557fac2681ad8efeee5aa66195d4712\",\"name\":\"admin\",\"sameAs\":[\"https:\/\/www.gsict.com\"],\"url\":\"https:\/\/www.gsict.com\/index.php\/author\/admin\/\"}]}<\/script>\r\n<!-- \/ Yoast SEO plugin. -->","yoast_head_json":{"title":"Vita residua e verifiche periodiche! - Sicurezza nei Luoghi di Lavoro","robots":{"index":"index","follow":"follow","max-snippet":"max-snippet:-1","max-image-preview":"max-image-preview:large","max-video-preview":"max-video-preview:-1"},"canonical":"https:\/\/www.gsict.com\/index.php\/2024\/02\/25\/vita-residua-e-verifiche-periodiche\/","og_locale":"it_IT","og_type":"article","og_title":"Vita residua e verifiche periodiche! - Sicurezza nei Luoghi di Lavoro","og_description":"Circolare del Ministro del Lavoro e delle Politiche sociali n. 18 del 23 maggio 2013 \u201cAccordo 22 febbraio 2012 \u2013 Accordo ai sensi dell\u00b4art. 4 del D.Lgs. 28 agosto 1997, n. 281, tra il Governo, le Regioni e le Province autonome di Trento e Bolzano concernente l\u00b4individuazione delle attrezzature di lavoro per le quali \u00e8 [&hellip;]","og_url":"https:\/\/www.gsict.com\/index.php\/2024\/02\/25\/vita-residua-e-verifiche-periodiche\/","og_site_name":"Sicurezza nei Luoghi di Lavoro","article_published_time":"2024-02-25T18:13:35+00:00","article_modified_time":"2024-03-09T17:16:34+00:00","og_image":[{"width":1920,"height":2560,"url":"https:\/\/www.gsict.com\/wp-content\/uploads\/2024\/02\/20140927_121337-scaled.jpg","type":"image\/jpeg"}],"twitter_card":"summary_large_image","twitter_misc":{"Scritto da":"admin","Tempo di lettura stimato":"1 minuto"},"schema":{"@context":"https:\/\/schema.org","@graph":[{"@type":"Organization","@id":"https:\/\/www.gsict.com\/#organization","name":"Global System ict srl","url":"https:\/\/www.gsict.com\/","sameAs":[],"logo":{"@type":"ImageObject","@id":"https:\/\/www.gsict.com\/#logo","inLanguage":"it-IT","url":"https:\/\/www.gsict.com\/wp-content\/uploads\/2024\/03\/Grafica3.1.bmp","contentUrl":"https:\/\/www.gsict.com\/wp-content\/uploads\/2024\/03\/Grafica3.1.bmp","width":281,"height":133,"caption":"Global System ict srl"},"image":{"@id":"https:\/\/www.gsict.com\/#logo"}},{"@type":"WebSite","@id":"https:\/\/www.gsict.com\/#website","url":"https:\/\/www.gsict.com\/","name":"Sicurezza nei Luoghi di Lavoro","description":"Formazione - Addestamento - Consulenza - servizi","publisher":{"@id":"https:\/\/www.gsict.com\/#organization"},"potentialAction":[{"@type":"SearchAction","target":{"@type":"EntryPoint","urlTemplate":"https:\/\/www.gsict.com\/?s={search_term_string}"},"query-input":"required name=search_term_string"}],"inLanguage":"it-IT"},{"@type":"ImageObject","@id":"https:\/\/www.gsict.com\/index.php\/2024\/02\/25\/vita-residua-e-verifiche-periodiche\/#primaryimage","inLanguage":"it-IT","url":"https:\/\/www.gsict.com\/wp-content\/uploads\/2024\/02\/20140927_121337-scaled.jpg","contentUrl":"https:\/\/www.gsict.com\/wp-content\/uploads\/2024\/02\/20140927_121337-scaled.jpg","width":1920,"height":2560,"caption":"Vita residua e verifiche periodiche"},{"@type":"WebPage","@id":"https:\/\/www.gsict.com\/index.php\/2024\/02\/25\/vita-residua-e-verifiche-periodiche\/#webpage","url":"https:\/\/www.gsict.com\/index.php\/2024\/02\/25\/vita-residua-e-verifiche-periodiche\/","name":"Vita residua e verifiche periodiche! - Sicurezza nei Luoghi di Lavoro","isPartOf":{"@id":"https:\/\/www.gsict.com\/#website"},"primaryImageOfPage":{"@id":"https:\/\/www.gsict.com\/index.php\/2024\/02\/25\/vita-residua-e-verifiche-periodiche\/#primaryimage"},"datePublished":"2024-02-25T18:13:35+00:00","dateModified":"2024-03-09T17:16:34+00:00","breadcrumb":{"@id":"https:\/\/www.gsict.com\/index.php\/2024\/02\/25\/vita-residua-e-verifiche-periodiche\/#breadcrumb"},"inLanguage":"it-IT","potentialAction":[{"@type":"ReadAction","target":["https:\/\/www.gsict.com\/index.php\/2024\/02\/25\/vita-residua-e-verifiche-periodiche\/"]}]},{"@type":"BreadcrumbList","@id":"https:\/\/www.gsict.com\/index.php\/2024\/02\/25\/vita-residua-e-verifiche-periodiche\/#breadcrumb","itemListElement":[{"@type":"ListItem","position":1,"name":"Home","item":"https:\/\/www.gsict.com\/"},{"@type":"ListItem","position":2,"name":"Vita residua e verifiche periodiche!"}]},{"@type":"Article","@id":"https:\/\/www.gsict.com\/index.php\/2024\/02\/25\/vita-residua-e-verifiche-periodiche\/#article","isPartOf":{"@id":"https:\/\/www.gsict.com\/index.php\/2024\/02\/25\/vita-residua-e-verifiche-periodiche\/#webpage"},"author":{"@id":"https:\/\/www.gsict.com\/#\/schema\/person\/a557fac2681ad8efeee5aa66195d4712"},"headline":"Vita residua e verifiche periodiche!","datePublished":"2024-02-25T18:13:35+00:00","dateModified":"2024-03-09T17:16:34+00:00","mainEntityOfPage":{"@id":"https:\/\/www.gsict.com\/index.php\/2024\/02\/25\/vita-residua-e-verifiche-periodiche\/#webpage"},"wordCount":282,"commentCount":0,"publisher":{"@id":"https:\/\/www.gsict.com\/#organization"},"image":{"@id":"https:\/\/www.gsict.com\/index.php\/2024\/02\/25\/vita-residua-e-verifiche-periodiche\/#primaryimage"},"thumbnailUrl":"https:\/\/www.gsict.com\/wp-content\/uploads\/2024\/02\/20140927_121337-scaled.jpg","articleSection":["Attrezzature"],"inLanguage":"it-IT","potentialAction":[{"@type":"CommentAction","name":"Comment","target":["https:\/\/www.gsict.com\/index.php\/2024\/02\/25\/vita-residua-e-verifiche-periodiche\/#respond"]}]},{"@type":"Person","@id":"https:\/\/www.gsict.com\/#\/schema\/person\/a557fac2681ad8efeee5aa66195d4712","name":"admin","sameAs":["https:\/\/www.gsict.com"],"url":"https:\/\/www.gsict.com\/index.php\/author\/admin\/"}]}},"_links":{"self":[{"href":"https:\/\/www.gsict.com\/index.php\/wp-json\/wp\/v2\/posts\/1"}],"collection":[{"href":"https:\/\/www.gsict.com\/index.php\/wp-json\/wp\/v2\/posts"}],"about":[{"href":"https:\/\/www.gsict.com\/index.php\/wp-json\/wp\/v2\/types\/post"}],"author":[{"embeddable":true,"href":"https:\/\/www.gsict.com\/index.php\/wp-json\/wp\/v2\/users\/1"}],"replies":[{"embeddable":true,"href":"https:\/\/www.gsict.com\/index.php\/wp-json\/wp\/v2\/comments?post=1"}],"version-history":[{"count":2,"href":"https:\/\/www.gsict.com\/index.php\/wp-json\/wp\/v2\/posts\/1\/revisions"}],"predecessor-version":[{"id":24,"href":"https:\/\/www.gsict.com\/index.php\/wp-json\/wp\/v2\/posts\/1\/revisions\/24"}],"wp:featuredmedia":[{"embeddable":true,"href":"https:\/\/www.gsict.com\/index.php\/wp-json\/wp\/v2\/media\/23"}],"wp:attachment":[{"href":"https:\/\/www.gsict.com\/index.php\/wp-json\/wp\/v2\/media?parent=1"}],"wp:term":[{"taxonomy":"category","embeddable":true,"href":"https:\/\/www.gsict.com\/index.php\/wp-json\/wp\/v2\/categories?post=1"},{"taxonomy":"post_tag","embeddable":true,"href":"https:\/\/www.gsict.com\/index.php\/wp-json\/wp\/v2\/tags?post=1"}],"curies":[{"name":"wp","href":"https:\/\/api.w.org\/{rel}","templated":true}]}}